{"id":31680,"date":"2024-12-03T12:58:56","date_gmt":"2024-12-03T11:58:56","guid":{"rendered":"https:\/\/inlab.fib.upc.edu\/noticias\/entrega-de-acreditaciones-del-programa-talent-curso-24-25\/2024\/"},"modified":"2024-12-03T13:25:19","modified_gmt":"2024-12-03T12:25:19","slug":"entrega-de-acreditaciones-del-programa-talent-curso-24-25","status":"publish","type":"post","link":"https:\/\/inlab.fib.upc.edu\/es\/noticias\/entrega-de-acreditaciones-del-programa-talent-curso-24-25","title":{"rendered":"Entrega de acreditaciones del Programa Talent curso 24-25"},"content":{"rendered":"\n<p>Los d\u00edas 15 y 22 de noviembre se celebr\u00f3 la<a href=\"https:\/\/www.fib.upc.edu\/es\/noticias\/graduacion-titulados-y-tituladas-del-grado-en-ingenieria-informatica-en-el-curso-2023-2024-acto-15-de-noviembre\"> primera<\/a> y <a href=\"https:\/\/www.fib.upc.edu\/es\/noticias\/graduacion-titulados-y-tituladas-del-grado-en-ingenieria-informatica-en-el-curso-2023-2024-acto-22-de-noviembre\">segunda sesi\u00f3n del acto de graduaci\u00f3n de los titulados y tituladas del Grado en Ingenier\u00eda Inform\u00e1tica del curso 2023-2024<\/a>, donde <a href=\"https:\/\/inlab.fib.upc.edu\/es\/persones\/ernest-teniente\/\">Ernest Teniente<\/a>, Director del inLab FIB, libr\u00f3 las acreditaciones a los nuevos graduados del Programa Talent. Este a\u00f1o los estudiantes que han logrado este reconocimiento son: <a href=\"https:\/\/inlab.fib.upc.edu\/persones\/julia-alice-amenos\/\">Julia Amenos<\/a>, <a href=\"https:\/\/inlab.fib.upc.edu\/es\/persones\/jorge-borras\/\">Jordi Borr\u00e0s<\/a>, <a href=\"https:\/\/inlab.fib.upc.edu\/es\/persones\/pere-carrillo\/\">Pere Carrillo<\/a>, <a href=\"https:\/\/inlab.fib.upc.edu\/es\/persones\/jaume-casals-vilaplana\/\">Jaume Casals<\/a>, <a href=\"https:\/\/inlab.fib.upc.edu\/es\/persones\/pau-duran-manzano\/\">Pau Duran<\/a>, <a href=\"https:\/\/inlab.fib.upc.edu\/es\/persones\/ferran-gonzalez-garcia\/\">Ferran Gonz\u00e1lez<\/a>, <a href=\"https:\/\/inlab.fib.upc.edu\/persones\/marti-juanola\/\">Mart\u00ed Juanola<\/a>, <a href=\"https:\/\/inlab.fib.upc.edu\/es\/persones\/ruben-juanez\/\">Rub\u00e9n Ju\u00e1rez<\/a>, <a href=\"https:\/\/inlab.fib.upc.edu\/es\/persones\/marc-navarro-acosta\/\">Marc Navarro<\/a>, <a href=\"https:\/\/inlab.fib.upc.edu\/persones\/javier-nunez-cerezuela\/\">Javier N\u00fa\u00f1ez<\/a>, <a href=\"https:\/\/inlab.fib.upc.edu\/es\/persones\/marti-recalde\/\">Mart\u00ed Recalde<\/a>, <a href=\"https:\/\/inlab.fib.upc.edu\/persones\/eric-ryhr\/\">\u00c8ric Ryhr<\/a> y <a href=\"https:\/\/inlab.fib.upc.edu\/es\/persones\/joaquim-torra\/\">Joaquim Torra<\/a>.<\/p>\n\n<p>El inLab FIB incorpora la formaci\u00f3n en un entorno real de aprendizaje como un objetivo de su propia misi\u00f3n mediante el programa de formaci\u00f3n Talent. La misi\u00f3n de este programa es conseguir una formaci\u00f3n integral del alumno que complemente la que obtiene con el seguimiento ordinario de los estudios a trav\u00e9s de su incorporaci\u00f3n a un entorno real de aprendizaje y el desarrollo de competencias transversales, como por ejemplo el trabajo en equipo, la responsabilidad, la actitud cr\u00edtica o el compromiso e implicaci\u00f3n, entre otros. A trav\u00e9s del programa, y gracias al apoyo de las empresas patrocinadoras, los estudiantes disfrutan de una ayuda econ\u00f3mica y participan en el desarrollo de proyectos innovadores en el \u00e1mbito TIC mejorando sus habilidades y competencias con el apoyo de tutores profesionales.<\/p>\n\n<p>La acreditaci\u00f3n Talent se concede a los estudiantes que han participado durante un tiempo significativo en el programa y que han adquirido las competencias requeridas.<\/p>\n\n<figure class=\"wp-block-gallery has-nested-images columns-default is-cropped wp-block-gallery-1 is-layout-flex wp-block-gallery-is-layout-flex\">\n<figure class=\"wp-block-image size-large\"><img fetchpriority=\"high\" decoding=\"async\" width=\"1024\" height=\"683\" data-id=\"31676\" src=\"https:\/\/inlab.fib.upc.edu\/wp-content\/uploads\/2024\/12\/54168091405_c8e0665682_k-1024x683.jpg\" alt=\"\" class=\"wp-image-31676\" srcset=\"https:\/\/inlab.fib.upc.edu\/wp-content\/uploads\/2024\/12\/54168091405_c8e0665682_k-1024x683.jpg 1024w, https:\/\/inlab.fib.upc.edu\/wp-content\/uploads\/2024\/12\/54168091405_c8e0665682_k-300x200.jpg 300w, https:\/\/inlab.fib.upc.edu\/wp-content\/uploads\/2024\/12\/54168091405_c8e0665682_k-768x512.jpg 768w, https:\/\/inlab.fib.upc.edu\/wp-content\/uploads\/2024\/12\/54168091405_c8e0665682_k-1536x1024.jpg 1536w, https:\/\/inlab.fib.upc.edu\/wp-content\/uploads\/2024\/12\/54168091405_c8e0665682_k.jpg 2048w\" sizes=\"(max-width: 1024px) 100vw, 1024px\" \/><\/figure>\n\n\n\n<figure class=\"wp-block-image size-large\"><img decoding=\"async\" width=\"1024\" height=\"683\" data-id=\"31672\" src=\"https:\/\/inlab.fib.upc.edu\/wp-content\/uploads\/2024\/12\/54155189793_6757940847_k-1024x683.jpg\" alt=\"\" class=\"wp-image-31672\" srcset=\"https:\/\/inlab.fib.upc.edu\/wp-content\/uploads\/2024\/12\/54155189793_6757940847_k-1024x683.jpg 1024w, https:\/\/inlab.fib.upc.edu\/wp-content\/uploads\/2024\/12\/54155189793_6757940847_k-300x200.jpg 300w, https:\/\/inlab.fib.upc.edu\/wp-content\/uploads\/2024\/12\/54155189793_6757940847_k-768x512.jpg 768w, https:\/\/inlab.fib.upc.edu\/wp-content\/uploads\/2024\/12\/54155189793_6757940847_k-1536x1024.jpg 1536w, https:\/\/inlab.fib.upc.edu\/wp-content\/uploads\/2024\/12\/54155189793_6757940847_k.jpg 2048w\" sizes=\"(max-width: 1024px) 100vw, 1024px\" \/><\/figure>\n<\/figure>\n","protected":false},"excerpt":{"rendered":"<p>Los d\u00edas 15 y 22 de noviembre se celebr\u00f3 la primera y segunda sesi\u00f3n del acto de graduaci\u00f3n de los titulados y tituladas del Grado en Ingenier\u00eda Inform\u00e1tica del curso 2023-2024, donde Ernest Teniente, Director del inLab FIB, libr\u00f3 las acreditaciones a los nuevos graduados del Programa Talent. Este a\u00f1o los estudiantes que han logrado [&hellip;]<\/p>\n","protected":false},"author":1242,"featured_media":31671,"comment_status":"closed","ping_status":"closed","sticky":false,"template":"","format":"standard","meta":{"_acf_changed":false,"footnotes":""},"categories":[495],"tags":[],"experteses":[],"class_list":["post-31680","post","type-post","status-publish","format-standard","has-post-thumbnail","hentry","category-noticias"],"acf":[],"_links":{"self":[{"href":"https:\/\/inlab.fib.upc.edu\/es\/wp-json\/wp\/v2\/posts\/31680","targetHints":{"allow":["GET"]}}],"collection":[{"href":"https:\/\/inlab.fib.upc.edu\/es\/wp-json\/wp\/v2\/posts"}],"about":[{"href":"https:\/\/inlab.fib.upc.edu\/es\/wp-json\/wp\/v2\/types\/post"}],"author":[{"embeddable":true,"href":"https:\/\/inlab.fib.upc.edu\/es\/wp-json\/wp\/v2\/users\/1242"}],"replies":[{"embeddable":true,"href":"https:\/\/inlab.fib.upc.edu\/es\/wp-json\/wp\/v2\/comments?post=31680"}],"version-history":[{"count":3,"href":"https:\/\/inlab.fib.upc.edu\/es\/wp-json\/wp\/v2\/posts\/31680\/revisions"}],"predecessor-version":[{"id":31685,"href":"https:\/\/inlab.fib.upc.edu\/es\/wp-json\/wp\/v2\/posts\/31680\/revisions\/31685"}],"wp:featuredmedia":[{"embeddable":true,"href":"https:\/\/inlab.fib.upc.edu\/es\/wp-json\/wp\/v2\/media\/31671"}],"wp:attachment":[{"href":"https:\/\/inlab.fib.upc.edu\/es\/wp-json\/wp\/v2\/media?parent=31680"}],"wp:term":[{"taxonomy":"category","embeddable":true,"href":"https:\/\/inlab.fib.upc.edu\/es\/wp-json\/wp\/v2\/categories?post=31680"},{"taxonomy":"post_tag","embeddable":true,"href":"https:\/\/inlab.fib.upc.edu\/es\/wp-json\/wp\/v2\/tags?post=31680"},{"taxonomy":"experteses","embeddable":true,"href":"https:\/\/inlab.fib.upc.edu\/es\/wp-json\/wp\/v2\/experteses?post=31680"}],"curies":[{"name":"wp","href":"https:\/\/api.w.org\/{rel}","templated":true}]}}